{"id":3600,"date":"2024-09-03T14:50:23","date_gmt":"2024-09-03T14:50:23","guid":{"rendered":"https:\/\/www.mjcrillieux.com\/?p=3600"},"modified":"2026-08-27T10:02:51","modified_gmt":"2026-08-27T10:02:51","slug":"offre-mission-de-service-civique-technique","status":"publish","type":"post","link":"https:\/\/www.mjcrillieux.com\/index.php\/2024\/09\/03\/offre-mission-de-service-civique-technique\/","title":{"rendered":"Offre mission de service civique technique 2026"},"content":{"rendered":"\n[et_pb_section fb_built=\u00a0\u00bb1&Prime; theme_builder_area=\u00a0\u00bbpost_content\u00a0\u00bb _builder_version=\u00a0\u00bb4.27.4&Prime; _module_preset=\u00a0\u00bbdefault\u00a0\u00bb][et_pb_row _builder_version=\u00a0\u00bb4.27.4&Prime; _module_preset=\u00a0\u00bbdefault\u00a0\u00bb theme_builder_area=\u00a0\u00bbpost_content\u00a0\u00bb][et_pb_column _builder_version=\u00a0\u00bb4.27.4&Prime; _module_preset=\u00a0\u00bbdefault\u00a0\u00bb type=\u00a0\u00bb4_4&Prime; theme_builder_area=\u00a0\u00bbpost_content\u00a0\u00bb][et_pb_image src=\u00a0\u00bbhttps:\/\/www.mjcrillieux.com\/wp-content\/uploads\/2026\/08\/Visuel-service-civique.png\u00a0\u00bb _builder_version=\u00a0\u00bb4.27.4&Prime; _module_preset=\u00a0\u00bbdefault\u00a0\u00bb theme_builder_area=\u00a0\u00bbpost_content\u00a0\u00bb title_text=\u00a0\u00bbVisuel service civique\u00a0\u00bb url=\u00a0\u00bbhttps:\/\/www.service-civique.gouv.fr\/trouver-ma-mission\/participer-aux-evenements-culturels-et-a-la-vie-de-la-salle-de-spectacle-de-la-mjc-o-totem-1-6a8ea78c76742d48f9225982?preview=true&#038;backMission=true&#038;useapirest=false\u00a0\u00bb hover_enabled=\u00a0\u00bb0&Prime; sticky_enabled=\u00a0\u00bb0&Prime;][\/et_pb_image][\/et_pb_column][\/et_pb_row][\/et_pb_section]\n","protected":false},"excerpt":{"rendered":"<p>Rejoins l&rsquo;\u00e9quipe du Totem : La MJC recrute un\u00b7e Service Civique en r\u00e9gie technique ! <\/p>\n","protected":false},"author":4,"featured_media":4574,"comment_status":"open","ping_status":"open","sticky":false,"template":"","format":"standard","meta":{"_et_pb_use_builder":"on","_et_pb_old_content":"","_et_gb_content_width":""},"categories":[1],"tags":[],"yoast_head":"<!-- This site is optimized with the Yoast SEO plugin v20.4 - https:\/\/yoast.com\/wordpress\/plugins\/seo\/ -->\n<title>Offre mission de service civique technique 2026 - MJC \u00d4 Totem<\/title>\n<meta name=\"description\" content=\"Rejoins l&#039;\u00e9quipe du Totem : La MJC recrute un\u00b7e Service Civique en r\u00e9gie technique !\" \/>\n<meta name=\"robots\" content=\"index, follow, max-snippet:-1, max-image-preview:large, max-video-preview:-1\" \/>\n<link rel=\"canonical\" href=\"https:\/\/www.mjcrillieux.com\/index.php\/2024\/09\/03\/offre-mission-de-service-civique-technique\/\" \/>\n<meta property=\"og:locale\" content=\"fr_FR\" \/>\n<meta property=\"og:type\" content=\"article\" \/>\n<meta property=\"og:title\" content=\"Offre mission de service civique technique 2026 - MJC \u00d4 Totem\" \/>\n<meta property=\"og:description\" content=\"Rejoins l&#039;\u00e9quipe du Totem : La MJC recrute un\u00b7e Service Civique en r\u00e9gie technique !\" \/>\n<meta property=\"og:url\" content=\"https:\/\/www.mjcrillieux.com\/index.php\/2024\/09\/03\/offre-mission-de-service-civique-technique\/\" \/>\n<meta property=\"og:site_name\" content=\"MJC \u00d4 Totem\" \/>\n<meta property=\"article:publisher\" content=\"https:\/\/www.facebook.com\/mjctotem\/\" \/>\n<meta property=\"article:published_time\" content=\"2024-09-03T14:50:23+00:00\" \/>\n<meta property=\"article:modified_time\" content=\"2026-08-27T10:02:51+00:00\" \/>\n<meta property=\"og:image\" content=\"https:\/\/www.mjcrillieux.com\/wp-content\/uploads\/2024\/09\/Visuel-service-civique.png\" \/>\n\t<meta property=\"og:image:width\" content=\"1080\" \/>\n\t<meta property=\"og:image:height\" content=\"1350\" \/>\n\t<meta property=\"og:image:type\" content=\"image\/png\" \/>\n<meta name=\"author\" content=\"Sophie HUGUET\" \/>\n<meta name=\"twitter:card\" content=\"summary_large_image\" \/>\n<meta name=\"twitter:creator\" content=\"@mjcototem\" \/>\n<meta name=\"twitter:site\" content=\"@mjcototem\" \/>\n<meta name=\"twitter:label1\" content=\"\u00c9crit par\" \/>\n\t<meta name=\"twitter:data1\" content=\"Sophie HUGUET\" \/>\n\t<meta name=\"twitter:label2\" content=\"Dur\u00e9e de lecture estim\u00e9e\" \/>\n\t<meta name=\"twitter:data2\" content=\"1 minute\" \/>\n<script type=\"application\/ld+json\" class=\"yoast-schema-graph\">{\"@context\":\"https:\/\/schema.org\",\"@graph\":[{\"@type\":\"Article\",\"@id\":\"https:\/\/www.mjcrillieux.com\/index.php\/2024\/09\/03\/offre-mission-de-service-civique-technique\/#article\",\"isPartOf\":{\"@id\":\"https:\/\/www.mjcrillieux.com\/index.php\/2024\/09\/03\/offre-mission-de-service-civique-technique\/\"},\"author\":{\"name\":\"Sophie HUGUET\",\"@id\":\"https:\/\/www.mjcrillieux.com\/#\/schema\/person\/8dcc720ff6070ebf9ca844bb1ca625bc\"},\"headline\":\"Offre mission de service civique technique 2026\",\"datePublished\":\"2024-09-03T14:50:23+00:00\",\"dateModified\":\"2026-08-27T10:02:51+00:00\",\"mainEntityOfPage\":{\"@id\":\"https:\/\/www.mjcrillieux.com\/index.php\/2024\/09\/03\/offre-mission-de-service-civique-technique\/\"},\"wordCount\":111,\"commentCount\":0,\"publisher\":{\"@id\":\"https:\/\/www.mjcrillieux.com\/#organization\"},\"articleSection\":[\"#actu\"],\"inLanguage\":\"fr-FR\",\"potentialAction\":[{\"@type\":\"CommentAction\",\"name\":\"Comment\",\"target\":[\"https:\/\/www.mjcrillieux.com\/index.php\/2024\/09\/03\/offre-mission-de-service-civique-technique\/#respond\"]}]},{\"@type\":\"WebPage\",\"@id\":\"https:\/\/www.mjcrillieux.com\/index.php\/2024\/09\/03\/offre-mission-de-service-civique-technique\/\",\"url\":\"https:\/\/www.mjcrillieux.com\/index.php\/2024\/09\/03\/offre-mission-de-service-civique-technique\/\",\"name\":\"Offre mission de service civique technique 2026 - MJC \u00d4 Totem\",\"isPartOf\":{\"@id\":\"https:\/\/www.mjcrillieux.com\/#website\"},\"datePublished\":\"2024-09-03T14:50:23+00:00\",\"dateModified\":\"2026-08-27T10:02:51+00:00\",\"description\":\"Rejoins l'\u00e9quipe du Totem : La MJC recrute un\u00b7e Service Civique en r\u00e9gie technique !\",\"breadcrumb\":{\"@id\":\"https:\/\/www.mjcrillieux.com\/index.php\/2024\/09\/03\/offre-mission-de-service-civique-technique\/#breadcrumb\"},\"inLanguage\":\"fr-FR\",\"potentialAction\":[{\"@type\":\"ReadAction\",\"target\":[\"https:\/\/www.mjcrillieux.com\/index.php\/2024\/09\/03\/offre-mission-de-service-civique-technique\/\"]}]},{\"@type\":\"BreadcrumbList\",\"@id\":\"https:\/\/www.mjcrillieux.com\/index.php\/2024\/09\/03\/offre-mission-de-service-civique-technique\/#breadcrumb\",\"itemListElement\":[{\"@type\":\"ListItem\",\"position\":1,\"name\":\"Accueil\",\"item\":\"https:\/\/www.mjcrillieux.com\/\"},{\"@type\":\"ListItem\",\"position\":2,\"name\":\"Offre mission de service civique technique 2026\"}]},{\"@type\":\"WebSite\",\"@id\":\"https:\/\/www.mjcrillieux.com\/#website\",\"url\":\"https:\/\/www.mjcrillieux.com\/\",\"name\":\"MJC \u00d4 Totem\",\"description\":\"\",\"publisher\":{\"@id\":\"https:\/\/www.mjcrillieux.com\/#organization\"},\"potentialAction\":[{\"@type\":\"SearchAction\",\"target\":{\"@type\":\"EntryPoint\",\"urlTemplate\":\"https:\/\/www.mjcrillieux.com\/?s={search_term_string}\"},\"query-input\":\"required name=search_term_string\"}],\"inLanguage\":\"fr-FR\"},{\"@type\":\"Organization\",\"@id\":\"https:\/\/www.mjcrillieux.com\/#organization\",\"name\":\"MJC \u00d4 Totem\",\"url\":\"https:\/\/www.mjcrillieux.com\/\",\"logo\":{\"@type\":\"ImageObject\",\"inLanguage\":\"fr-FR\",\"@id\":\"https:\/\/www.mjcrillieux.com\/#\/schema\/logo\/image\/\",\"url\":\"https:\/\/www.mjcrillieux.com\/wp-content\/uploads\/2023\/02\/logo-site.png\",\"contentUrl\":\"https:\/\/www.mjcrillieux.com\/wp-content\/uploads\/2023\/02\/logo-site.png\",\"width\":800,\"height\":800,\"caption\":\"MJC \u00d4 Totem\"},\"image\":{\"@id\":\"https:\/\/www.mjcrillieux.com\/#\/schema\/logo\/image\/\"},\"sameAs\":[\"https:\/\/www.facebook.com\/mjctotem\/\",\"https:\/\/twitter.com\/mjcototem\",\"https:\/\/www.instagram.com\/mjcototem\",\"https:\/\/www.youtube.com\/user\/mjctotem\"]},{\"@type\":\"Person\",\"@id\":\"https:\/\/www.mjcrillieux.com\/#\/schema\/person\/8dcc720ff6070ebf9ca844bb1ca625bc\",\"name\":\"Sophie HUGUET\",\"image\":{\"@type\":\"ImageObject\",\"inLanguage\":\"fr-FR\",\"@id\":\"https:\/\/www.mjcrillieux.com\/#\/schema\/person\/image\/\",\"url\":\"https:\/\/secure.gravatar.com\/avatar\/951c9f137d25a74a9c9b223fad2b189f?s=96&d=mm&r=g\",\"contentUrl\":\"https:\/\/secure.gravatar.com\/avatar\/951c9f137d25a74a9c9b223fad2b189f?s=96&d=mm&r=g\",\"caption\":\"Sophie HUGUET\"},\"url\":\"https:\/\/www.mjcrillieux.com\/index.php\/author\/sophie\/\"}]}<\/script>\n<!-- \/ Yoast SEO plugin. -->","yoast_head_json":{"title":"Offre mission de service civique technique 2026 - MJC \u00d4 Totem","description":"Rejoins l'\u00e9quipe du Totem : La MJC recrute un\u00b7e Service Civique en r\u00e9gie technique !","robots":{"index":"index","follow":"follow","max-snippet":"max-snippet:-1","max-image-preview":"max-image-preview:large","max-video-preview":"max-video-preview:-1"},"canonical":"https:\/\/www.mjcrillieux.com\/index.php\/2024\/09\/03\/offre-mission-de-service-civique-technique\/","og_locale":"fr_FR","og_type":"article","og_title":"Offre mission de service civique technique 2026 - MJC \u00d4 Totem","og_description":"Rejoins l'\u00e9quipe du Totem : La MJC recrute un\u00b7e Service Civique en r\u00e9gie technique !","og_url":"https:\/\/www.mjcrillieux.com\/index.php\/2024\/09\/03\/offre-mission-de-service-civique-technique\/","og_site_name":"MJC \u00d4 Totem","article_publisher":"https:\/\/www.facebook.com\/mjctotem\/","article_published_time":"2024-09-03T14:50:23+00:00","article_modified_time":"2026-08-27T10:02:51+00:00","og_image":[{"width":1080,"height":1350,"url":"https:\/\/www.mjcrillieux.com\/wp-content\/uploads\/2024\/09\/Visuel-service-civique.png","type":"image\/png"}],"author":"Sophie HUGUET","twitter_card":"summary_large_image","twitter_creator":"@mjcototem","twitter_site":"@mjcototem","twitter_misc":{"\u00c9crit par":"Sophie HUGUET","Dur\u00e9e de lecture estim\u00e9e":"1 minute"},"schema":{"@context":"https:\/\/schema.org","@graph":[{"@type":"Article","@id":"https:\/\/www.mjcrillieux.com\/index.php\/2024\/09\/03\/offre-mission-de-service-civique-technique\/#article","isPartOf":{"@id":"https:\/\/www.mjcrillieux.com\/index.php\/2024\/09\/03\/offre-mission-de-service-civique-technique\/"},"author":{"name":"Sophie HUGUET","@id":"https:\/\/www.mjcrillieux.com\/#\/schema\/person\/8dcc720ff6070ebf9ca844bb1ca625bc"},"headline":"Offre mission de service civique technique 2026","datePublished":"2024-09-03T14:50:23+00:00","dateModified":"2026-08-27T10:02:51+00:00","mainEntityOfPage":{"@id":"https:\/\/www.mjcrillieux.com\/index.php\/2024\/09\/03\/offre-mission-de-service-civique-technique\/"},"wordCount":111,"commentCount":0,"publisher":{"@id":"https:\/\/www.mjcrillieux.com\/#organization"},"articleSection":["#actu"],"inLanguage":"fr-FR","potentialAction":[{"@type":"CommentAction","name":"Comment","target":["https:\/\/www.mjcrillieux.com\/index.php\/2024\/09\/03\/offre-mission-de-service-civique-technique\/#respond"]}]},{"@type":"WebPage","@id":"https:\/\/www.mjcrillieux.com\/index.php\/2024\/09\/03\/offre-mission-de-service-civique-technique\/","url":"https:\/\/www.mjcrillieux.com\/index.php\/2024\/09\/03\/offre-mission-de-service-civique-technique\/","name":"Offre mission de service civique technique 2026 - MJC \u00d4 Totem","isPartOf":{"@id":"https:\/\/www.mjcrillieux.com\/#website"},"datePublished":"2024-09-03T14:50:23+00:00","dateModified":"2026-08-27T10:02:51+00:00","description":"Rejoins l'\u00e9quipe du Totem : La MJC recrute un\u00b7e Service Civique en r\u00e9gie technique !","breadcrumb":{"@id":"https:\/\/www.mjcrillieux.com\/index.php\/2024\/09\/03\/offre-mission-de-service-civique-technique\/#breadcrumb"},"inLanguage":"fr-FR","potentialAction":[{"@type":"ReadAction","target":["https:\/\/www.mjcrillieux.com\/index.php\/2024\/09\/03\/offre-mission-de-service-civique-technique\/"]}]},{"@type":"BreadcrumbList","@id":"https:\/\/www.mjcrillieux.com\/index.php\/2024\/09\/03\/offre-mission-de-service-civique-technique\/#breadcrumb","itemListElement":[{"@type":"ListItem","position":1,"name":"Accueil","item":"https:\/\/www.mjcrillieux.com\/"},{"@type":"ListItem","position":2,"name":"Offre mission de service civique technique 2026"}]},{"@type":"WebSite","@id":"https:\/\/www.mjcrillieux.com\/#website","url":"https:\/\/www.mjcrillieux.com\/","name":"MJC \u00d4 Totem","description":"","publisher":{"@id":"https:\/\/www.mjcrillieux.com\/#organization"},"potentialAction":[{"@type":"SearchAction","target":{"@type":"EntryPoint","urlTemplate":"https:\/\/www.mjcrillieux.com\/?s={search_term_string}"},"query-input":"required name=search_term_string"}],"inLanguage":"fr-FR"},{"@type":"Organization","@id":"https:\/\/www.mjcrillieux.com\/#organization","name":"MJC \u00d4 Totem","url":"https:\/\/www.mjcrillieux.com\/","logo":{"@type":"ImageObject","inLanguage":"fr-FR","@id":"https:\/\/www.mjcrillieux.com\/#\/schema\/logo\/image\/","url":"https:\/\/www.mjcrillieux.com\/wp-content\/uploads\/2023\/02\/logo-site.png","contentUrl":"https:\/\/www.mjcrillieux.com\/wp-content\/uploads\/2023\/02\/logo-site.png","width":800,"height":800,"caption":"MJC \u00d4 Totem"},"image":{"@id":"https:\/\/www.mjcrillieux.com\/#\/schema\/logo\/image\/"},"sameAs":["https:\/\/www.facebook.com\/mjctotem\/","https:\/\/twitter.com\/mjcototem","https:\/\/www.instagram.com\/mjcototem","https:\/\/www.youtube.com\/user\/mjctotem"]},{"@type":"Person","@id":"https:\/\/www.mjcrillieux.com\/#\/schema\/person\/8dcc720ff6070ebf9ca844bb1ca625bc","name":"Sophie HUGUET","image":{"@type":"ImageObject","inLanguage":"fr-FR","@id":"https:\/\/www.mjcrillieux.com\/#\/schema\/person\/image\/","url":"https:\/\/secure.gravatar.com\/avatar\/951c9f137d25a74a9c9b223fad2b189f?s=96&d=mm&r=g","contentUrl":"https:\/\/secure.gravatar.com\/avatar\/951c9f137d25a74a9c9b223fad2b189f?s=96&d=mm&r=g","caption":"Sophie HUGUET"},"url":"https:\/\/www.mjcrillieux.com\/index.php\/author\/sophie\/"}]}},"_links":{"self":[{"href":"https:\/\/www.mjcrillieux.com\/index.php\/wp-json\/wp\/v2\/posts\/3600"}],"collection":[{"href":"https:\/\/www.mjcrillieux.com\/index.php\/wp-json\/wp\/v2\/posts"}],"about":[{"href":"https:\/\/www.mjcrillieux.com\/index.php\/wp-json\/wp\/v2\/types\/post"}],"author":[{"embeddable":true,"href":"https:\/\/www.mjcrillieux.com\/index.php\/wp-json\/wp\/v2\/users\/4"}],"replies":[{"embeddable":true,"href":"https:\/\/www.mjcrillieux.com\/index.php\/wp-json\/wp\/v2\/comments?post=3600"}],"version-history":[{"count":11,"href":"https:\/\/www.mjcrillieux.com\/index.php\/wp-json\/wp\/v2\/posts\/3600\/revisions"}],"predecessor-version":[{"id":4581,"href":"https:\/\/www.mjcrillieux.com\/index.php\/wp-json\/wp\/v2\/posts\/3600\/revisions\/4581"}],"wp:featuredmedia":[{"embeddable":true,"href":"https:\/\/www.mjcrillieux.com\/index.php\/wp-json\/wp\/v2\/media\/4574"}],"wp:attachment":[{"href":"https:\/\/www.mjcrillieux.com\/index.php\/wp-json\/wp\/v2\/media?parent=3600"}],"wp:term":[{"taxonomy":"category","embeddable":true,"href":"https:\/\/www.mjcrillieux.com\/index.php\/wp-json\/wp\/v2\/categories?post=3600"},{"taxonomy":"post_tag","embeddable":true,"href":"https:\/\/www.mjcrillieux.com\/index.php\/wp-json\/wp\/v2\/tags?post=3600"}],"curies":[{"name":"wp","href":"https:\/\/api.w.org\/{rel}","templated":true}]}}