{"id":4286,"date":"2025-12-18T11:08:12","date_gmt":"2025-12-18T11:08:12","guid":{"rendered":"https:\/\/www.mjcrillieux.com\/?p=4286"},"modified":"2026-07-21T08:42:34","modified_gmt":"2026-07-21T08:42:34","slug":"fermeture-de-la-mjc-pour-conges-dete","status":"publish","type":"post","link":"https:\/\/www.mjcrillieux.com\/index.php\/2025\/12\/18\/fermeture-de-la-mjc-pour-conges-dete\/","title":{"rendered":"FERMETURE DE LA MJC POUR CONG\u00c9S D\u2019\u00c9T\u00c9"},"content":{"rendered":"<p>[et_pb_section fb_built=\u00a0\u00bb1&Prime; _builder_version=\u00a0\u00bb4.27.4&Prime; _module_preset=\u00a0\u00bbdefault\u00a0\u00bb global_colors_info=\u00a0\u00bb{}\u00a0\u00bb][et_pb_row _builder_version=\u00a0\u00bb4.27.4&Prime; _module_preset=\u00a0\u00bbdefault\u00a0\u00bb global_colors_info=\u00a0\u00bb{}\u00a0\u00bb][et_pb_column type=\u00a0\u00bb4_4&Prime; _builder_version=\u00a0\u00bb4.27.4&Prime; _module_preset=\u00a0\u00bbdefault\u00a0\u00bb global_colors_info=\u00a0\u00bb{}\u00a0\u00bb][et_pb_image src=\u00a0\u00bbhttps:\/\/www.mjcrillieux.com\/wp-content\/uploads\/2025\/12\/Fermeture-de-la-MJC-pour-lascension11.jpg\u00a0\u00bb title_text=\u00a0\u00bbFermeture de la MJC pour l\u2019ascension(1)(1)\u00a0\u00bb _builder_version=\u00a0\u00bb4.27.4&Prime; _module_preset=\u00a0\u00bbdefault\u00a0\u00bb hover_enabled=\u00a0\u00bb0&Prime; global_colors_info=\u00a0\u00bb{}\u00a0\u00bb sticky_enabled=\u00a0\u00bb0&Prime;][\/et_pb_image][\/et_pb_column][\/et_pb_row][\/et_pb_section]<\/p>\n","protected":false},"excerpt":{"rendered":"<p>Fermeture de la MJC du 1er au 31 ao\u00fbt. R\u00e9ouverture le 1er septembre \u00e0 14h <\/p>\n","protected":false},"author":2,"featured_media":4536,"comment_status":"open","ping_status":"open","sticky":false,"template":"","format":"standard","meta":{"_et_pb_use_builder":"on","_et_pb_old_content":"","_et_gb_content_width":""},"categories":[1],"tags":[],"yoast_head":"<!-- This site is optimized with the Yoast SEO plugin v20.4 - https:\/\/yoast.com\/wordpress\/plugins\/seo\/ -->\n<title>FERMETURE DE LA MJC POUR CONG\u00c9S D\u2019\u00c9T\u00c9 - MJC \u00d4 Totem<\/title>\n<meta name=\"description\" content=\"Fermeture de la MJC du 1er au 31 ao\u00fbt 2026\" \/>\n<meta name=\"robots\" content=\"index, follow, max-snippet:-1, max-image-preview:large, max-video-preview:-1\" \/>\n<link rel=\"canonical\" href=\"https:\/\/www.mjcrillieux.com\/index.php\/2025\/12\/18\/fermeture-de-la-mjc-pour-conges-dete\/\" \/>\n<meta property=\"og:locale\" content=\"fr_FR\" \/>\n<meta property=\"og:type\" content=\"article\" \/>\n<meta property=\"og:title\" content=\"FERMETURE DE LA MJC POUR CONG\u00c9S D\u2019\u00c9T\u00c9 - MJC \u00d4 Totem\" \/>\n<meta property=\"og:description\" content=\"Fermeture de la MJC du 1er au 31 ao\u00fbt 2026\" \/>\n<meta property=\"og:url\" content=\"https:\/\/www.mjcrillieux.com\/index.php\/2025\/12\/18\/fermeture-de-la-mjc-pour-conges-dete\/\" \/>\n<meta property=\"og:site_name\" content=\"MJC \u00d4 Totem\" \/>\n<meta property=\"article:publisher\" content=\"https:\/\/www.facebook.com\/mjctotem\/\" \/>\n<meta property=\"article:published_time\" content=\"2025-12-18T11:08:12+00:00\" \/>\n<meta property=\"article:modified_time\" content=\"2026-07-21T08:42:34+00:00\" \/>\n<meta property=\"og:image\" content=\"https:\/\/www.mjcrillieux.com\/wp-content\/uploads\/2025\/12\/Fermeture-de-la-MJC-pour-lascension11.jpg\" \/>\n\t<meta property=\"og:image:width\" content=\"1920\" \/>\n\t<meta property=\"og:image:height\" content=\"1080\" \/>\n\t<meta property=\"og:image:type\" content=\"image\/jpeg\" \/>\n<meta name=\"author\" content=\"Marine JANIER\" \/>\n<meta name=\"twitter:card\" content=\"summary_large_image\" \/>\n<meta name=\"twitter:creator\" content=\"@mjcototem\" \/>\n<meta name=\"twitter:site\" content=\"@mjcototem\" \/>\n<meta name=\"twitter:label1\" content=\"\u00c9crit par\" \/>\n\t<meta name=\"twitter:data1\" content=\"Marine JANIER\" \/>\n\t<meta name=\"twitter:label2\" content=\"Dur\u00e9e de lecture estim\u00e9e\" \/>\n\t<meta name=\"twitter:data2\" content=\"1 minute\" \/>\n<script type=\"application\/ld+json\" class=\"yoast-schema-graph\">{\"@context\":\"https:\/\/schema.org\",\"@graph\":[{\"@type\":\"Article\",\"@id\":\"https:\/\/www.mjcrillieux.com\/index.php\/2025\/12\/18\/fermeture-de-la-mjc-pour-conges-dete\/#article\",\"isPartOf\":{\"@id\":\"https:\/\/www.mjcrillieux.com\/index.php\/2025\/12\/18\/fermeture-de-la-mjc-pour-conges-dete\/\"},\"author\":{\"name\":\"Marine JANIER\",\"@id\":\"https:\/\/www.mjcrillieux.com\/#\/schema\/person\/c28aa2c755df063c783935cf3d53da9c\"},\"headline\":\"FERMETURE DE LA MJC POUR CONG\u00c9S D\u2019\u00c9T\u00c9\",\"datePublished\":\"2025-12-18T11:08:12+00:00\",\"dateModified\":\"2026-07-21T08:42:34+00:00\",\"mainEntityOfPage\":{\"@id\":\"https:\/\/www.mjcrillieux.com\/index.php\/2025\/12\/18\/fermeture-de-la-mjc-pour-conges-dete\/\"},\"wordCount\":90,\"commentCount\":0,\"publisher\":{\"@id\":\"https:\/\/www.mjcrillieux.com\/#organization\"},\"articleSection\":[\"#actu\"],\"inLanguage\":\"fr-FR\",\"potentialAction\":[{\"@type\":\"CommentAction\",\"name\":\"Comment\",\"target\":[\"https:\/\/www.mjcrillieux.com\/index.php\/2025\/12\/18\/fermeture-de-la-mjc-pour-conges-dete\/#respond\"]}]},{\"@type\":\"WebPage\",\"@id\":\"https:\/\/www.mjcrillieux.com\/index.php\/2025\/12\/18\/fermeture-de-la-mjc-pour-conges-dete\/\",\"url\":\"https:\/\/www.mjcrillieux.com\/index.php\/2025\/12\/18\/fermeture-de-la-mjc-pour-conges-dete\/\",\"name\":\"FERMETURE DE LA MJC POUR CONG\u00c9S D\u2019\u00c9T\u00c9 - MJC \u00d4 Totem\",\"isPartOf\":{\"@id\":\"https:\/\/www.mjcrillieux.com\/#website\"},\"datePublished\":\"2025-12-18T11:08:12+00:00\",\"dateModified\":\"2026-07-21T08:42:34+00:00\",\"description\":\"Fermeture de la MJC du 1er au 31 ao\u00fbt 2026\",\"breadcrumb\":{\"@id\":\"https:\/\/www.mjcrillieux.com\/index.php\/2025\/12\/18\/fermeture-de-la-mjc-pour-conges-dete\/#breadcrumb\"},\"inLanguage\":\"fr-FR\",\"potentialAction\":[{\"@type\":\"ReadAction\",\"target\":[\"https:\/\/www.mjcrillieux.com\/index.php\/2025\/12\/18\/fermeture-de-la-mjc-pour-conges-dete\/\"]}]},{\"@type\":\"BreadcrumbList\",\"@id\":\"https:\/\/www.mjcrillieux.com\/index.php\/2025\/12\/18\/fermeture-de-la-mjc-pour-conges-dete\/#breadcrumb\",\"itemListElement\":[{\"@type\":\"ListItem\",\"position\":1,\"name\":\"Accueil\",\"item\":\"https:\/\/www.mjcrillieux.com\/\"},{\"@type\":\"ListItem\",\"position\":2,\"name\":\"FERMETURE DE LA MJC POUR CONG\u00c9S D\u2019\u00c9T\u00c9\"}]},{\"@type\":\"WebSite\",\"@id\":\"https:\/\/www.mjcrillieux.com\/#website\",\"url\":\"https:\/\/www.mjcrillieux.com\/\",\"name\":\"MJC \u00d4 Totem\",\"description\":\"\",\"publisher\":{\"@id\":\"https:\/\/www.mjcrillieux.com\/#organization\"},\"potentialAction\":[{\"@type\":\"SearchAction\",\"target\":{\"@type\":\"EntryPoint\",\"urlTemplate\":\"https:\/\/www.mjcrillieux.com\/?s={search_term_string}\"},\"query-input\":\"required name=search_term_string\"}],\"inLanguage\":\"fr-FR\"},{\"@type\":\"Organization\",\"@id\":\"https:\/\/www.mjcrillieux.com\/#organization\",\"name\":\"MJC \u00d4 Totem\",\"url\":\"https:\/\/www.mjcrillieux.com\/\",\"logo\":{\"@type\":\"ImageObject\",\"inLanguage\":\"fr-FR\",\"@id\":\"https:\/\/www.mjcrillieux.com\/#\/schema\/logo\/image\/\",\"url\":\"https:\/\/www.mjcrillieux.com\/wp-content\/uploads\/2023\/02\/logo-site.png\",\"contentUrl\":\"https:\/\/www.mjcrillieux.com\/wp-content\/uploads\/2023\/02\/logo-site.png\",\"width\":800,\"height\":800,\"caption\":\"MJC \u00d4 Totem\"},\"image\":{\"@id\":\"https:\/\/www.mjcrillieux.com\/#\/schema\/logo\/image\/\"},\"sameAs\":[\"https:\/\/www.facebook.com\/mjctotem\/\",\"https:\/\/twitter.com\/mjcototem\",\"https:\/\/www.instagram.com\/mjcototem\",\"https:\/\/www.youtube.com\/user\/mjctotem\"]},{\"@type\":\"Person\",\"@id\":\"https:\/\/www.mjcrillieux.com\/#\/schema\/person\/c28aa2c755df063c783935cf3d53da9c\",\"name\":\"Marine JANIER\",\"image\":{\"@type\":\"ImageObject\",\"inLanguage\":\"fr-FR\",\"@id\":\"https:\/\/www.mjcrillieux.com\/#\/schema\/person\/image\/\",\"url\":\"https:\/\/secure.gravatar.com\/avatar\/724876dec622fba203b5dcb8e6772a1c?s=96&d=mm&r=g\",\"contentUrl\":\"https:\/\/secure.gravatar.com\/avatar\/724876dec622fba203b5dcb8e6772a1c?s=96&d=mm&r=g\",\"caption\":\"Marine JANIER\"},\"url\":\"https:\/\/www.mjcrillieux.com\/index.php\/author\/marine\/\"}]}<\/script>\n<!-- \/ Yoast SEO plugin. -->","yoast_head_json":{"title":"FERMETURE DE LA MJC POUR CONG\u00c9S D\u2019\u00c9T\u00c9 - MJC \u00d4 Totem","description":"Fermeture de la MJC du 1er au 31 ao\u00fbt 2026","robots":{"index":"index","follow":"follow","max-snippet":"max-snippet:-1","max-image-preview":"max-image-preview:large","max-video-preview":"max-video-preview:-1"},"canonical":"https:\/\/www.mjcrillieux.com\/index.php\/2025\/12\/18\/fermeture-de-la-mjc-pour-conges-dete\/","og_locale":"fr_FR","og_type":"article","og_title":"FERMETURE DE LA MJC POUR CONG\u00c9S D\u2019\u00c9T\u00c9 - MJC \u00d4 Totem","og_description":"Fermeture de la MJC du 1er au 31 ao\u00fbt 2026","og_url":"https:\/\/www.mjcrillieux.com\/index.php\/2025\/12\/18\/fermeture-de-la-mjc-pour-conges-dete\/","og_site_name":"MJC \u00d4 Totem","article_publisher":"https:\/\/www.facebook.com\/mjctotem\/","article_published_time":"2025-12-18T11:08:12+00:00","article_modified_time":"2026-07-21T08:42:34+00:00","og_image":[{"width":1920,"height":1080,"url":"https:\/\/www.mjcrillieux.com\/wp-content\/uploads\/2025\/12\/Fermeture-de-la-MJC-pour-lascension11.jpg","type":"image\/jpeg"}],"author":"Marine JANIER","twitter_card":"summary_large_image","twitter_creator":"@mjcototem","twitter_site":"@mjcototem","twitter_misc":{"\u00c9crit par":"Marine JANIER","Dur\u00e9e de lecture estim\u00e9e":"1 minute"},"schema":{"@context":"https:\/\/schema.org","@graph":[{"@type":"Article","@id":"https:\/\/www.mjcrillieux.com\/index.php\/2025\/12\/18\/fermeture-de-la-mjc-pour-conges-dete\/#article","isPartOf":{"@id":"https:\/\/www.mjcrillieux.com\/index.php\/2025\/12\/18\/fermeture-de-la-mjc-pour-conges-dete\/"},"author":{"name":"Marine JANIER","@id":"https:\/\/www.mjcrillieux.com\/#\/schema\/person\/c28aa2c755df063c783935cf3d53da9c"},"headline":"FERMETURE DE LA MJC POUR CONG\u00c9S D\u2019\u00c9T\u00c9","datePublished":"2025-12-18T11:08:12+00:00","dateModified":"2026-07-21T08:42:34+00:00","mainEntityOfPage":{"@id":"https:\/\/www.mjcrillieux.com\/index.php\/2025\/12\/18\/fermeture-de-la-mjc-pour-conges-dete\/"},"wordCount":90,"commentCount":0,"publisher":{"@id":"https:\/\/www.mjcrillieux.com\/#organization"},"articleSection":["#actu"],"inLanguage":"fr-FR","potentialAction":[{"@type":"CommentAction","name":"Comment","target":["https:\/\/www.mjcrillieux.com\/index.php\/2025\/12\/18\/fermeture-de-la-mjc-pour-conges-dete\/#respond"]}]},{"@type":"WebPage","@id":"https:\/\/www.mjcrillieux.com\/index.php\/2025\/12\/18\/fermeture-de-la-mjc-pour-conges-dete\/","url":"https:\/\/www.mjcrillieux.com\/index.php\/2025\/12\/18\/fermeture-de-la-mjc-pour-conges-dete\/","name":"FERMETURE DE LA MJC POUR CONG\u00c9S D\u2019\u00c9T\u00c9 - MJC \u00d4 Totem","isPartOf":{"@id":"https:\/\/www.mjcrillieux.com\/#website"},"datePublished":"2025-12-18T11:08:12+00:00","dateModified":"2026-07-21T08:42:34+00:00","description":"Fermeture de la MJC du 1er au 31 ao\u00fbt 2026","breadcrumb":{"@id":"https:\/\/www.mjcrillieux.com\/index.php\/2025\/12\/18\/fermeture-de-la-mjc-pour-conges-dete\/#breadcrumb"},"inLanguage":"fr-FR","potentialAction":[{"@type":"ReadAction","target":["https:\/\/www.mjcrillieux.com\/index.php\/2025\/12\/18\/fermeture-de-la-mjc-pour-conges-dete\/"]}]},{"@type":"BreadcrumbList","@id":"https:\/\/www.mjcrillieux.com\/index.php\/2025\/12\/18\/fermeture-de-la-mjc-pour-conges-dete\/#breadcrumb","itemListElement":[{"@type":"ListItem","position":1,"name":"Accueil","item":"https:\/\/www.mjcrillieux.com\/"},{"@type":"ListItem","position":2,"name":"FERMETURE DE LA MJC POUR CONG\u00c9S D\u2019\u00c9T\u00c9"}]},{"@type":"WebSite","@id":"https:\/\/www.mjcrillieux.com\/#website","url":"https:\/\/www.mjcrillieux.com\/","name":"MJC \u00d4 Totem","description":"","publisher":{"@id":"https:\/\/www.mjcrillieux.com\/#organization"},"potentialAction":[{"@type":"SearchAction","target":{"@type":"EntryPoint","urlTemplate":"https:\/\/www.mjcrillieux.com\/?s={search_term_string}"},"query-input":"required name=search_term_string"}],"inLanguage":"fr-FR"},{"@type":"Organization","@id":"https:\/\/www.mjcrillieux.com\/#organization","name":"MJC \u00d4 Totem","url":"https:\/\/www.mjcrillieux.com\/","logo":{"@type":"ImageObject","inLanguage":"fr-FR","@id":"https:\/\/www.mjcrillieux.com\/#\/schema\/logo\/image\/","url":"https:\/\/www.mjcrillieux.com\/wp-content\/uploads\/2023\/02\/logo-site.png","contentUrl":"https:\/\/www.mjcrillieux.com\/wp-content\/uploads\/2023\/02\/logo-site.png","width":800,"height":800,"caption":"MJC \u00d4 Totem"},"image":{"@id":"https:\/\/www.mjcrillieux.com\/#\/schema\/logo\/image\/"},"sameAs":["https:\/\/www.facebook.com\/mjctotem\/","https:\/\/twitter.com\/mjcototem","https:\/\/www.instagram.com\/mjcototem","https:\/\/www.youtube.com\/user\/mjctotem"]},{"@type":"Person","@id":"https:\/\/www.mjcrillieux.com\/#\/schema\/person\/c28aa2c755df063c783935cf3d53da9c","name":"Marine JANIER","image":{"@type":"ImageObject","inLanguage":"fr-FR","@id":"https:\/\/www.mjcrillieux.com\/#\/schema\/person\/image\/","url":"https:\/\/secure.gravatar.com\/avatar\/724876dec622fba203b5dcb8e6772a1c?s=96&d=mm&r=g","contentUrl":"https:\/\/secure.gravatar.com\/avatar\/724876dec622fba203b5dcb8e6772a1c?s=96&d=mm&r=g","caption":"Marine JANIER"},"url":"https:\/\/www.mjcrillieux.com\/index.php\/author\/marine\/"}]}},"_links":{"self":[{"href":"https:\/\/www.mjcrillieux.com\/index.php\/wp-json\/wp\/v2\/posts\/4286"}],"collection":[{"href":"https:\/\/www.mjcrillieux.com\/index.php\/wp-json\/wp\/v2\/posts"}],"about":[{"href":"https:\/\/www.mjcrillieux.com\/index.php\/wp-json\/wp\/v2\/types\/post"}],"author":[{"embeddable":true,"href":"https:\/\/www.mjcrillieux.com\/index.php\/wp-json\/wp\/v2\/users\/2"}],"replies":[{"embeddable":true,"href":"https:\/\/www.mjcrillieux.com\/index.php\/wp-json\/wp\/v2\/comments?post=4286"}],"version-history":[{"count":13,"href":"https:\/\/www.mjcrillieux.com\/index.php\/wp-json\/wp\/v2\/posts\/4286\/revisions"}],"predecessor-version":[{"id":4538,"href":"https:\/\/www.mjcrillieux.com\/index.php\/wp-json\/wp\/v2\/posts\/4286\/revisions\/4538"}],"wp:featuredmedia":[{"embeddable":true,"href":"https:\/\/www.mjcrillieux.com\/index.php\/wp-json\/wp\/v2\/media\/4536"}],"wp:attachment":[{"href":"https:\/\/www.mjcrillieux.com\/index.php\/wp-json\/wp\/v2\/media?parent=4286"}],"wp:term":[{"taxonomy":"category","embeddable":true,"href":"https:\/\/www.mjcrillieux.com\/index.php\/wp-json\/wp\/v2\/categories?post=4286"},{"taxonomy":"post_tag","embeddable":true,"href":"https:\/\/www.mjcrillieux.com\/index.php\/wp-json\/wp\/v2\/tags?post=4286"}],"curies":[{"name":"wp","href":"https:\/\/api.w.org\/{rel}","templated":true}]}}