{"id":4371,"date":"2026-01-23T09:58:12","date_gmt":"2026-01-23T09:58:12","guid":{"rendered":"https:\/\/www.mjcrillieux.com\/?p=4371"},"modified":"2026-07-21T08:12:24","modified_gmt":"2026-07-21T08:12:24","slug":"concert-lancement-de-saison","status":"publish","type":"post","link":"https:\/\/www.mjcrillieux.com\/index.php\/2026\/01\/23\/concert-lancement-de-saison\/","title":{"rendered":"Concert lancement de saison"},"content":{"rendered":"\n[et_pb_section fb_built=\u00a0\u00bb1&Prime; _builder_version=\u00a0\u00bb4.27.4&Prime; _module_preset=\u00a0\u00bbdefault\u00a0\u00bb global_colors_info=\u00a0\u00bb{}\u00a0\u00bb][et_pb_row _builder_version=\u00a0\u00bb4.27.4&Prime; _module_preset=\u00a0\u00bbdefault\u00a0\u00bb global_colors_info=\u00a0\u00bb{}\u00a0\u00bb][et_pb_column type=\u00a0\u00bb4_4&Prime; _builder_version=\u00a0\u00bb4.27.4&Prime; _module_preset=\u00a0\u00bbdefault\u00a0\u00bb global_colors_info=\u00a0\u00bb{}\u00a0\u00bb][et_pb_image src=\u00a0\u00bbhttps:\/\/www.mjcrillieux.com\/wp-content\/uploads\/2026\/01\/IG-Lancement-de-saison-V3.jpg\u00a0\u00bb title_text=\u00a0\u00bbIG &#8211; Lancement de saison V3&Prime; _builder_version=\u00a0\u00bb4.27.4&Prime; _module_preset=\u00a0\u00bbdefault\u00a0\u00bb hover_enabled=\u00a0\u00bb0&Prime; global_colors_info=\u00a0\u00bb{}\u00a0\u00bb url=\u00a0\u00bbhttps:\/\/www.facebook.com\/events\/1700875264297584&Prime; sticky_enabled=\u00a0\u00bb0&Prime;][\/et_pb_image][\/et_pb_column][\/et_pb_row][\/et_pb_section]\n","protected":false},"excerpt":{"rendered":"<p>Lancement de saison R\u00e9s\u00f4nance, concert gratuit !<\/p>\n","protected":false},"author":2,"featured_media":4530,"comment_status":"open","ping_status":"open","sticky":false,"template":"","format":"standard","meta":{"_et_pb_use_builder":"on","_et_pb_old_content":"","_et_gb_content_width":""},"categories":[1],"tags":[],"yoast_head":"<!-- This site is optimized with the Yoast SEO plugin v20.4 - https:\/\/yoast.com\/wordpress\/plugins\/seo\/ -->\n<title>Concert lancement de saison - MJC \u00d4 Totem<\/title>\n<meta name=\"description\" content=\"Concert lancement de saison avec Roman\u00e9e + Luther &amp; Loretta + Rouler Sans Assurance\" \/>\n<meta name=\"robots\" content=\"index, follow, max-snippet:-1, max-image-preview:large, max-video-preview:-1\" \/>\n<link rel=\"canonical\" href=\"https:\/\/www.mjcrillieux.com\/index.php\/2026\/01\/23\/concert-lancement-de-saison\/\" \/>\n<meta property=\"og:locale\" content=\"fr_FR\" \/>\n<meta property=\"og:type\" content=\"article\" \/>\n<meta property=\"og:title\" content=\"Concert lancement de saison - MJC \u00d4 Totem\" \/>\n<meta property=\"og:description\" content=\"Concert lancement de saison avec Roman\u00e9e + Luther &amp; Loretta + Rouler Sans Assurance\" \/>\n<meta property=\"og:url\" content=\"https:\/\/www.mjcrillieux.com\/index.php\/2026\/01\/23\/concert-lancement-de-saison\/\" \/>\n<meta property=\"og:site_name\" content=\"MJC \u00d4 Totem\" \/>\n<meta property=\"article:publisher\" content=\"https:\/\/www.facebook.com\/mjctotem\/\" \/>\n<meta property=\"article:published_time\" content=\"2026-01-23T09:58:12+00:00\" \/>\n<meta property=\"article:modified_time\" content=\"2026-07-21T08:12:24+00:00\" \/>\n<meta property=\"og:image\" content=\"https:\/\/www.mjcrillieux.com\/wp-content\/uploads\/2026\/01\/IG-Lancement-de-saison-V3.jpg\" \/>\n\t<meta property=\"og:image:width\" content=\"1440\" \/>\n\t<meta property=\"og:image:height\" content=\"1800\" \/>\n\t<meta property=\"og:image:type\" content=\"image\/jpeg\" \/>\n<meta name=\"author\" content=\"Marine JANIER\" \/>\n<meta name=\"twitter:card\" content=\"summary_large_image\" \/>\n<meta name=\"twitter:creator\" content=\"@mjcototem\" \/>\n<meta name=\"twitter:site\" content=\"@mjcototem\" \/>\n<meta name=\"twitter:label1\" content=\"\u00c9crit par\" \/>\n\t<meta name=\"twitter:data1\" content=\"Marine JANIER\" \/>\n\t<meta name=\"twitter:label2\" content=\"Dur\u00e9e de lecture estim\u00e9e\" \/>\n\t<meta name=\"twitter:data2\" content=\"1 minute\" \/>\n<script type=\"application\/ld+json\" class=\"yoast-schema-graph\">{\"@context\":\"https:\/\/schema.org\",\"@graph\":[{\"@type\":\"Article\",\"@id\":\"https:\/\/www.mjcrillieux.com\/index.php\/2026\/01\/23\/concert-lancement-de-saison\/#article\",\"isPartOf\":{\"@id\":\"https:\/\/www.mjcrillieux.com\/index.php\/2026\/01\/23\/concert-lancement-de-saison\/\"},\"author\":{\"name\":\"Marine JANIER\",\"@id\":\"https:\/\/www.mjcrillieux.com\/#\/schema\/person\/c28aa2c755df063c783935cf3d53da9c\"},\"headline\":\"Concert lancement de saison\",\"datePublished\":\"2026-01-23T09:58:12+00:00\",\"dateModified\":\"2026-07-21T08:12:24+00:00\",\"mainEntityOfPage\":{\"@id\":\"https:\/\/www.mjcrillieux.com\/index.php\/2026\/01\/23\/concert-lancement-de-saison\/\"},\"wordCount\":90,\"commentCount\":0,\"publisher\":{\"@id\":\"https:\/\/www.mjcrillieux.com\/#organization\"},\"articleSection\":[\"#actu\"],\"inLanguage\":\"fr-FR\",\"potentialAction\":[{\"@type\":\"CommentAction\",\"name\":\"Comment\",\"target\":[\"https:\/\/www.mjcrillieux.com\/index.php\/2026\/01\/23\/concert-lancement-de-saison\/#respond\"]}]},{\"@type\":\"WebPage\",\"@id\":\"https:\/\/www.mjcrillieux.com\/index.php\/2026\/01\/23\/concert-lancement-de-saison\/\",\"url\":\"https:\/\/www.mjcrillieux.com\/index.php\/2026\/01\/23\/concert-lancement-de-saison\/\",\"name\":\"Concert lancement de saison - MJC \u00d4 Totem\",\"isPartOf\":{\"@id\":\"https:\/\/www.mjcrillieux.com\/#website\"},\"datePublished\":\"2026-01-23T09:58:12+00:00\",\"dateModified\":\"2026-07-21T08:12:24+00:00\",\"description\":\"Concert lancement de saison avec Roman\u00e9e + Luther & Loretta + Rouler Sans Assurance\",\"breadcrumb\":{\"@id\":\"https:\/\/www.mjcrillieux.com\/index.php\/2026\/01\/23\/concert-lancement-de-saison\/#breadcrumb\"},\"inLanguage\":\"fr-FR\",\"potentialAction\":[{\"@type\":\"ReadAction\",\"target\":[\"https:\/\/www.mjcrillieux.com\/index.php\/2026\/01\/23\/concert-lancement-de-saison\/\"]}]},{\"@type\":\"BreadcrumbList\",\"@id\":\"https:\/\/www.mjcrillieux.com\/index.php\/2026\/01\/23\/concert-lancement-de-saison\/#breadcrumb\",\"itemListElement\":[{\"@type\":\"ListItem\",\"position\":1,\"name\":\"Accueil\",\"item\":\"https:\/\/www.mjcrillieux.com\/\"},{\"@type\":\"ListItem\",\"position\":2,\"name\":\"Concert lancement de saison\"}]},{\"@type\":\"WebSite\",\"@id\":\"https:\/\/www.mjcrillieux.com\/#website\",\"url\":\"https:\/\/www.mjcrillieux.com\/\",\"name\":\"MJC \u00d4 Totem\",\"description\":\"\",\"publisher\":{\"@id\":\"https:\/\/www.mjcrillieux.com\/#organization\"},\"potentialAction\":[{\"@type\":\"SearchAction\",\"target\":{\"@type\":\"EntryPoint\",\"urlTemplate\":\"https:\/\/www.mjcrillieux.com\/?s={search_term_string}\"},\"query-input\":\"required name=search_term_string\"}],\"inLanguage\":\"fr-FR\"},{\"@type\":\"Organization\",\"@id\":\"https:\/\/www.mjcrillieux.com\/#organization\",\"name\":\"MJC \u00d4 Totem\",\"url\":\"https:\/\/www.mjcrillieux.com\/\",\"logo\":{\"@type\":\"ImageObject\",\"inLanguage\":\"fr-FR\",\"@id\":\"https:\/\/www.mjcrillieux.com\/#\/schema\/logo\/image\/\",\"url\":\"https:\/\/www.mjcrillieux.com\/wp-content\/uploads\/2023\/02\/logo-site.png\",\"contentUrl\":\"https:\/\/www.mjcrillieux.com\/wp-content\/uploads\/2023\/02\/logo-site.png\",\"width\":800,\"height\":800,\"caption\":\"MJC \u00d4 Totem\"},\"image\":{\"@id\":\"https:\/\/www.mjcrillieux.com\/#\/schema\/logo\/image\/\"},\"sameAs\":[\"https:\/\/www.facebook.com\/mjctotem\/\",\"https:\/\/twitter.com\/mjcototem\",\"https:\/\/www.instagram.com\/mjcototem\",\"https:\/\/www.youtube.com\/user\/mjctotem\"]},{\"@type\":\"Person\",\"@id\":\"https:\/\/www.mjcrillieux.com\/#\/schema\/person\/c28aa2c755df063c783935cf3d53da9c\",\"name\":\"Marine JANIER\",\"image\":{\"@type\":\"ImageObject\",\"inLanguage\":\"fr-FR\",\"@id\":\"https:\/\/www.mjcrillieux.com\/#\/schema\/person\/image\/\",\"url\":\"https:\/\/secure.gravatar.com\/avatar\/724876dec622fba203b5dcb8e6772a1c?s=96&d=mm&r=g\",\"contentUrl\":\"https:\/\/secure.gravatar.com\/avatar\/724876dec622fba203b5dcb8e6772a1c?s=96&d=mm&r=g\",\"caption\":\"Marine JANIER\"},\"url\":\"https:\/\/www.mjcrillieux.com\/index.php\/author\/marine\/\"}]}<\/script>\n<!-- \/ Yoast SEO plugin. -->","yoast_head_json":{"title":"Concert lancement de saison - MJC \u00d4 Totem","description":"Concert lancement de saison avec Roman\u00e9e + Luther & Loretta + Rouler Sans Assurance","robots":{"index":"index","follow":"follow","max-snippet":"max-snippet:-1","max-image-preview":"max-image-preview:large","max-video-preview":"max-video-preview:-1"},"canonical":"https:\/\/www.mjcrillieux.com\/index.php\/2026\/01\/23\/concert-lancement-de-saison\/","og_locale":"fr_FR","og_type":"article","og_title":"Concert lancement de saison - MJC \u00d4 Totem","og_description":"Concert lancement de saison avec Roman\u00e9e + Luther & Loretta + Rouler Sans Assurance","og_url":"https:\/\/www.mjcrillieux.com\/index.php\/2026\/01\/23\/concert-lancement-de-saison\/","og_site_name":"MJC \u00d4 Totem","article_publisher":"https:\/\/www.facebook.com\/mjctotem\/","article_published_time":"2026-01-23T09:58:12+00:00","article_modified_time":"2026-07-21T08:12:24+00:00","og_image":[{"width":1440,"height":1800,"url":"https:\/\/www.mjcrillieux.com\/wp-content\/uploads\/2026\/01\/IG-Lancement-de-saison-V3.jpg","type":"image\/jpeg"}],"author":"Marine JANIER","twitter_card":"summary_large_image","twitter_creator":"@mjcototem","twitter_site":"@mjcototem","twitter_misc":{"\u00c9crit par":"Marine JANIER","Dur\u00e9e de lecture estim\u00e9e":"1 minute"},"schema":{"@context":"https:\/\/schema.org","@graph":[{"@type":"Article","@id":"https:\/\/www.mjcrillieux.com\/index.php\/2026\/01\/23\/concert-lancement-de-saison\/#article","isPartOf":{"@id":"https:\/\/www.mjcrillieux.com\/index.php\/2026\/01\/23\/concert-lancement-de-saison\/"},"author":{"name":"Marine JANIER","@id":"https:\/\/www.mjcrillieux.com\/#\/schema\/person\/c28aa2c755df063c783935cf3d53da9c"},"headline":"Concert lancement de saison","datePublished":"2026-01-23T09:58:12+00:00","dateModified":"2026-07-21T08:12:24+00:00","mainEntityOfPage":{"@id":"https:\/\/www.mjcrillieux.com\/index.php\/2026\/01\/23\/concert-lancement-de-saison\/"},"wordCount":90,"commentCount":0,"publisher":{"@id":"https:\/\/www.mjcrillieux.com\/#organization"},"articleSection":["#actu"],"inLanguage":"fr-FR","potentialAction":[{"@type":"CommentAction","name":"Comment","target":["https:\/\/www.mjcrillieux.com\/index.php\/2026\/01\/23\/concert-lancement-de-saison\/#respond"]}]},{"@type":"WebPage","@id":"https:\/\/www.mjcrillieux.com\/index.php\/2026\/01\/23\/concert-lancement-de-saison\/","url":"https:\/\/www.mjcrillieux.com\/index.php\/2026\/01\/23\/concert-lancement-de-saison\/","name":"Concert lancement de saison - MJC \u00d4 Totem","isPartOf":{"@id":"https:\/\/www.mjcrillieux.com\/#website"},"datePublished":"2026-01-23T09:58:12+00:00","dateModified":"2026-07-21T08:12:24+00:00","description":"Concert lancement de saison avec Roman\u00e9e + Luther & Loretta + Rouler Sans Assurance","breadcrumb":{"@id":"https:\/\/www.mjcrillieux.com\/index.php\/2026\/01\/23\/concert-lancement-de-saison\/#breadcrumb"},"inLanguage":"fr-FR","potentialAction":[{"@type":"ReadAction","target":["https:\/\/www.mjcrillieux.com\/index.php\/2026\/01\/23\/concert-lancement-de-saison\/"]}]},{"@type":"BreadcrumbList","@id":"https:\/\/www.mjcrillieux.com\/index.php\/2026\/01\/23\/concert-lancement-de-saison\/#breadcrumb","itemListElement":[{"@type":"ListItem","position":1,"name":"Accueil","item":"https:\/\/www.mjcrillieux.com\/"},{"@type":"ListItem","position":2,"name":"Concert lancement de saison"}]},{"@type":"WebSite","@id":"https:\/\/www.mjcrillieux.com\/#website","url":"https:\/\/www.mjcrillieux.com\/","name":"MJC \u00d4 Totem","description":"","publisher":{"@id":"https:\/\/www.mjcrillieux.com\/#organization"},"potentialAction":[{"@type":"SearchAction","target":{"@type":"EntryPoint","urlTemplate":"https:\/\/www.mjcrillieux.com\/?s={search_term_string}"},"query-input":"required name=search_term_string"}],"inLanguage":"fr-FR"},{"@type":"Organization","@id":"https:\/\/www.mjcrillieux.com\/#organization","name":"MJC \u00d4 Totem","url":"https:\/\/www.mjcrillieux.com\/","logo":{"@type":"ImageObject","inLanguage":"fr-FR","@id":"https:\/\/www.mjcrillieux.com\/#\/schema\/logo\/image\/","url":"https:\/\/www.mjcrillieux.com\/wp-content\/uploads\/2023\/02\/logo-site.png","contentUrl":"https:\/\/www.mjcrillieux.com\/wp-content\/uploads\/2023\/02\/logo-site.png","width":800,"height":800,"caption":"MJC \u00d4 Totem"},"image":{"@id":"https:\/\/www.mjcrillieux.com\/#\/schema\/logo\/image\/"},"sameAs":["https:\/\/www.facebook.com\/mjctotem\/","https:\/\/twitter.com\/mjcototem","https:\/\/www.instagram.com\/mjcototem","https:\/\/www.youtube.com\/user\/mjctotem"]},{"@type":"Person","@id":"https:\/\/www.mjcrillieux.com\/#\/schema\/person\/c28aa2c755df063c783935cf3d53da9c","name":"Marine JANIER","image":{"@type":"ImageObject","inLanguage":"fr-FR","@id":"https:\/\/www.mjcrillieux.com\/#\/schema\/person\/image\/","url":"https:\/\/secure.gravatar.com\/avatar\/724876dec622fba203b5dcb8e6772a1c?s=96&d=mm&r=g","contentUrl":"https:\/\/secure.gravatar.com\/avatar\/724876dec622fba203b5dcb8e6772a1c?s=96&d=mm&r=g","caption":"Marine JANIER"},"url":"https:\/\/www.mjcrillieux.com\/index.php\/author\/marine\/"}]}},"_links":{"self":[{"href":"https:\/\/www.mjcrillieux.com\/index.php\/wp-json\/wp\/v2\/posts\/4371"}],"collection":[{"href":"https:\/\/www.mjcrillieux.com\/index.php\/wp-json\/wp\/v2\/posts"}],"about":[{"href":"https:\/\/www.mjcrillieux.com\/index.php\/wp-json\/wp\/v2\/types\/post"}],"author":[{"embeddable":true,"href":"https:\/\/www.mjcrillieux.com\/index.php\/wp-json\/wp\/v2\/users\/2"}],"replies":[{"embeddable":true,"href":"https:\/\/www.mjcrillieux.com\/index.php\/wp-json\/wp\/v2\/comments?post=4371"}],"version-history":[{"count":12,"href":"https:\/\/www.mjcrillieux.com\/index.php\/wp-json\/wp\/v2\/posts\/4371\/revisions"}],"predecessor-version":[{"id":4534,"href":"https:\/\/www.mjcrillieux.com\/index.php\/wp-json\/wp\/v2\/posts\/4371\/revisions\/4534"}],"wp:featuredmedia":[{"embeddable":true,"href":"https:\/\/www.mjcrillieux.com\/index.php\/wp-json\/wp\/v2\/media\/4530"}],"wp:attachment":[{"href":"https:\/\/www.mjcrillieux.com\/index.php\/wp-json\/wp\/v2\/media?parent=4371"}],"wp:term":[{"taxonomy":"category","embeddable":true,"href":"https:\/\/www.mjcrillieux.com\/index.php\/wp-json\/wp\/v2\/categories?post=4371"},{"taxonomy":"post_tag","embeddable":true,"href":"https:\/\/www.mjcrillieux.com\/index.php\/wp-json\/wp\/v2\/tags?post=4371"}],"curies":[{"name":"wp","href":"https:\/\/api.w.org\/{rel}","templated":true}]}}